{"id":5147,"date":"2023-03-06T09:18:08","date_gmt":"2023-03-06T09:18:08","guid":{"rendered":"https:\/\/conapi.org.py\/v23\/2023\/07\/23\/sinodo-de-la-sinodalidad-en-brasilia\/"},"modified":"2023-07-27T16:34:39","modified_gmt":"2023-07-27T16:34:39","slug":"sinodo-de-la-sinodalidad-en-brasilia","status":"publish","type":"post","link":"https:\/\/conapi.org.py\/v23\/sinodo-de-la-sinodalidad-en-brasilia\/","title":{"rendered":"S\u00ednodo de la sinodalidad en Brasilia"},"content":{"rendered":"<p>Brasilia acoge de 6 a 10 de marzo el Encuentro Sinodal del Cono Sur<\/p>\n<p>Brasilia acoge la pr\u00f3xima semana, de 6 a 10 de marzo, el Encuentro Sinodal del Cono Sur, dentro de la Etapa Continental del S\u00ednodo 2021-2024, donde se espera la participaci\u00f3n de m\u00e1s de 180 representantes de las conferencias episcopales de Paraguay, Chile, Argentina, Uruguay y Brasil.<br \/>\nCuarto Encuentro en Am\u00e9rica Latina y el Caribe<br \/>\nEste ser\u00e1 el cuarto encuentro en los que se ha dividido la Etapa Continental del S\u00ednodo en Am\u00e9rica Latina y el Caribe, tras los realizados en San Salvador, Santo Domingo y Quito, donde han participado los representantes de cada una de las 4 regiones en que est\u00e1 organizado el Consejo Episcopal Latinoamericano y Caribe\u00f1o (Celam): CAMEX, Caribe, Regi\u00f3n Andina y Cono Sur.<br \/>\nEstos cuatro encuentros han sido promovidos por el Celam en colaboraci\u00f3n con las Conferencias Episcopales de los pa\u00edses anfitriones, para profundizar el documento para la Etapa Continental, que retoma los puntos tratados durante la fase diocesana del s\u00ednodo. El S\u00ednodo 2021-2024, convocado por el Papa Francisco, tiene como lema: \u00abPor una Iglesia sinodal: comuni\u00f3n, participaci\u00f3n y misi\u00f3n\u00bb. Metodolog\u00eda de la Conversaci\u00f3n espiritual<\/p>\n<p>Se trata de encuentros en los que participan obispos, presb\u00edteros, religiosos, religiosas y agentes de pastoral, que siguen la metodolog\u00eda de la \u00abConversaci\u00f3n Espiritual\u00ab, una herramienta de discernimiento comunitario, basada en la escucha activa y receptiva con un enfoque en compartir lo que toca m\u00e1s profundamente a los participantes. El encuentro de Brasilia se iniciar\u00e1 con las palabras del arzobispo de Trujillo, Per\u00fa, y presidente del Celam, Mons. Miguel Cabrejos Vidarte.<\/p>\n<p>El Encuentro del Cono Sur cuenta con la coordinaci\u00f3n log\u00edstica del obispo auxiliar de R\u00edo de Janeiro y secretario  general de la Conferencia Nacional de los Obispos de Brasil, Mons. Joel Portella Amado, que integra el Equipo de Animaci\u00f3n del S\u00ednodo en Brasil, contribuyendo con la sistematizaci\u00f3n de las s\u00edntesis del pa\u00eds. Seg\u00fan Mons. Joel Portella, \u00abpara nosotros, de la Iglesia en Brasil, es una riqueza con muchas motivaciones ser uno de los animadores de este proceso sinodal en nuestro pa\u00eds. La pr\u00f3xima semana, estaremos con nuestros hermanos y hermanas latinoamericanos, de la regi\u00f3n del Cono Sur, en un paso m\u00e1s de la Iglesia en Brasil y en Am\u00e9rica Latina y el Caribe en el proceso sinodal\u00bb.<br \/>\nEtapa continental<\/p>\n<p>La fase continental del S\u00ednodo comenz\u00f3 el 27 de octubre del a\u00f1o pasado con la publicaci\u00f3n del Documento de Trabajo para la Etapa Continental (DEC), inspirado en la exhortaci\u00f3n de Isa\u00edas: \u00abEnsancha el espacio de tu tienda\u00bb (Is 54,2). El DEC presenta un mosaico de los procesos de escucha que marcaron la primera fase del S\u00ednodo y subsidiaron una nueva escucha de las Iglesias particulares. Las conferencias episcopales han organizado una nueva s\u00edntesis para cada pa\u00eds, que ser\u00e1 la base del di\u00e1logo en las asambleas continentales.<br \/>\nEn Am\u00e9rica Latina y el Caribe la Etapa Continental ser\u00e1 concluida con la reuni\u00f3n del Equipo para la Etapa Continental con los delegados para la redacci\u00f3n de la S\u00edntesis Continental, del 17 al 20 de marzo, en Bogot\u00e1. Del 21 al 23 de marzo, los secretarios generales de cada una de las conferencias episcopales del continente en reuni\u00f3n presencial, y los presidentes de las conferencias episcopales, que participar\u00e1n virtualmente, releer\u00e1n colegialmente la experiencia sinodal, desde su carisma espec\u00edfico y responsabilidad, pero respetando el proceso realizado y siendo fieles a las diferentes voces del Pueblo de Dios.<br \/>\nFuent: CELAM<\/p>\n","protected":false},"excerpt":{"rendered":"<p>Brasilia acoge de 6 a 10 de marzo el Encuentro Sinodal del Cono Sur Brasilia acoge la pr\u00f3xima semana, de 6 a 10 de marzo, el Encuentro Sinodal del Cono Sur, dentro de la Etapa Continental del S\u00ednodo 2021-2024, donde se espera la participaci\u00f3n de m\u00e1s de 180 representantes de las conferencias episcopales de Paraguay,<\/p>\n","protected":false},"author":1,"featured_media":6334,"comment_status":"open","ping_status":"open","sticky":false,"template":"","format":"standard","meta":{"footnotes":""},"categories":[1],"tags":[],"class_list":["post-5147","post","type-post","status-publish","format-standard","has-post-thumbnail","hentry","category-uncategorized"],"_links":{"self":[{"href":"https:\/\/conapi.org.py\/v23\/wp-json\/wp\/v2\/posts\/5147","targetHints":{"allow":["GET"]}}],"collection":[{"href":"https:\/\/conapi.org.py\/v23\/wp-json\/wp\/v2\/posts"}],"about":[{"href":"https:\/\/conapi.org.py\/v23\/wp-json\/wp\/v2\/types\/post"}],"author":[{"embeddable":true,"href":"https:\/\/conapi.org.py\/v23\/wp-json\/wp\/v2\/users\/1"}],"replies":[{"embeddable":true,"href":"https:\/\/conapi.org.py\/v23\/wp-json\/wp\/v2\/comments?post=5147"}],"version-history":[{"count":1,"href":"https:\/\/conapi.org.py\/v23\/wp-json\/wp\/v2\/posts\/5147\/revisions"}],"predecessor-version":[{"id":5643,"href":"https:\/\/conapi.org.py\/v23\/wp-json\/wp\/v2\/posts\/5147\/revisions\/5643"}],"wp:featuredmedia":[{"embeddable":true,"href":"https:\/\/conapi.org.py\/v23\/wp-json\/wp\/v2\/media\/6334"}],"wp:attachment":[{"href":"https:\/\/conapi.org.py\/v23\/wp-json\/wp\/v2\/media?parent=5147"}],"wp:term":[{"taxonomy":"category","embeddable":true,"href":"https:\/\/conapi.org.py\/v23\/wp-json\/wp\/v2\/categories?post=5147"},{"taxonomy":"post_tag","embeddable":true,"href":"https:\/\/conapi.org.py\/v23\/wp-json\/wp\/v2\/tags?post=5147"}],"curies":[{"name":"wp","href":"https:\/\/api.w.org\/{rel}","templated":true}]}}