{"id":5146,"date":"2023-03-01T10:36:30","date_gmt":"2023-03-01T10:36:30","guid":{"rendered":"https:\/\/conapi.org.py\/v23\/2023\/07\/23\/lanzamiento-del-curso-de-formacion-y-capacitacion-de-promotores-juridicos-indigenas\/"},"modified":"2023-07-27T16:34:38","modified_gmt":"2023-07-27T16:34:38","slug":"lanzamiento-del-curso-de-formacion-y-capacitacion-de-promotores-juridicos-indigenas","status":"publish","type":"post","link":"https:\/\/conapi.org.py\/v23\/lanzamiento-del-curso-de-formacion-y-capacitacion-de-promotores-juridicos-indigenas\/","title":{"rendered":"Lanzamiento del curso de Formaci\u00f3n  y capacitaci\u00f3n de promotores jur\u00eddicos ind\u00edgenas"},"content":{"rendered":"<p style=\"text-align: justify;\">\n&nbsp;<\/p>\n<p style=\"text-align: justify;\">\n<span style=\"font-size:12px;\">El martes 28 de febrero del 2023, se realiz&oacute; el <strong><span style=\"color:#008000;\">Acto<\/span><\/strong> de<em> lanzamiento<\/em> del curso de <span style=\"color:#008000;\"><span style=\"font-family:times new roman,times,serif;\">&ldquo;<strong><em>Formaci&oacute;n y capacitaci&oacute;n de promotores jur&iacute;dicos ind&iacute;genas<\/em><\/strong><\/span><\/span>&rdquo; que busca brindar herramientas jur&iacute;dicas primordiales para el ejercicio de la defensa de los Derechos de los Pueblos ind&iacute;genas.<\/span><\/p>\n<p style=\"text-align: justify;\">\n<span style=\"font-size:12px;\">La apertura del Acto, se dio con un momento espiritual, con los referentes de la comunidad Tarumandymi, con los instrumentos tradicionales. La actividad cont&oacute; con la presencia de autoridades del &aacute;mbito p&uacute;blico y privado. El P. Filem&oacute;n Torres, Coordinador de la CONAPI, dio la bienvenida a los futuros promotores jur&iacute;dicos, a todo el equipo que acompa&ntilde;ar&aacute; el curso, y enfatiz&oacute; la importancia del conocimiento de los derechos, con el fin de la defensa de los mismos.<\/span><\/p>\n<p style=\"text-align: justify;\">\n<span style=\"font-size:12px;\">El curso se desarrollar&aacute; en m&oacute;dulos, con una duraci&oacute;n de quince meses, con el acompa&ntilde;amiento de un plantel de profesionales de cada &aacute;rea. Cabe destacar, que la falta de acceso a la justicia de las comunidades, referente al conocimiento, la defensa de los derechos, y las dificultades que existen a la hora de enfrentar los obst&aacute;culos que presentan los tr&aacute;mites administrativos y jur&iacute;dicos. Son algunos de los casos a abordar durante el curso. Dicho curso, se encuentra fundamentado en que los Pueblos ind&iacute;genas tienen un conjunto de Derechos garantizados, en los instrumentos nacionales e internacionales. La constituci&oacute;n nacional, los convenios internacionales, entre otros.<\/span><\/p>\n<p style=\"text-align: justify;\">\n<span style=\"font-size:12px;\">Esta actividad, se dio desde la Coordinadora Nacional de la Pastoral ind&iacute;gena &#8211; CONAPI, de la Conferencia Episcopal Paraguaya, y el financiamiento de la Agencia Espa&ntilde;ola de Cooperaci&oacute;n Internacional para el Desarrollo &#8211; AECID. <\/span><\/p>\n","protected":false},"excerpt":{"rendered":"<p>&nbsp; El martes 28 de febrero del 2023, se realiz&oacute; el Acto de lanzamiento del curso de &ldquo;Formaci&oacute;n y capacitaci&oacute;n de promotores jur&iacute;dicos ind&iacute;genas&rdquo; que busca brindar herramientas jur&iacute;dicas primordiales para el ejercicio de la defensa de los Derechos de los Pueblos ind&iacute;genas. La apertura del Acto, se dio con un momento espiritual, con los<\/p>\n","protected":false},"author":1,"featured_media":6333,"comment_status":"open","ping_status":"open","sticky":false,"template":"","format":"standard","meta":{"footnotes":""},"categories":[1],"tags":[],"class_list":["post-5146","post","type-post","status-publish","format-standard","has-post-thumbnail","hentry","category-uncategorized"],"_links":{"self":[{"href":"https:\/\/conapi.org.py\/v23\/wp-json\/wp\/v2\/posts\/5146","targetHints":{"allow":["GET"]}}],"collection":[{"href":"https:\/\/conapi.org.py\/v23\/wp-json\/wp\/v2\/posts"}],"about":[{"href":"https:\/\/conapi.org.py\/v23\/wp-json\/wp\/v2\/types\/post"}],"author":[{"embeddable":true,"href":"https:\/\/conapi.org.py\/v23\/wp-json\/wp\/v2\/users\/1"}],"replies":[{"embeddable":true,"href":"https:\/\/conapi.org.py\/v23\/wp-json\/wp\/v2\/comments?post=5146"}],"version-history":[{"count":1,"href":"https:\/\/conapi.org.py\/v23\/wp-json\/wp\/v2\/posts\/5146\/revisions"}],"predecessor-version":[{"id":5642,"href":"https:\/\/conapi.org.py\/v23\/wp-json\/wp\/v2\/posts\/5146\/revisions\/5642"}],"wp:featuredmedia":[{"embeddable":true,"href":"https:\/\/conapi.org.py\/v23\/wp-json\/wp\/v2\/media\/6333"}],"wp:attachment":[{"href":"https:\/\/conapi.org.py\/v23\/wp-json\/wp\/v2\/media?parent=5146"}],"wp:term":[{"taxonomy":"category","embeddable":true,"href":"https:\/\/conapi.org.py\/v23\/wp-json\/wp\/v2\/categories?post=5146"},{"taxonomy":"post_tag","embeddable":true,"href":"https:\/\/conapi.org.py\/v23\/wp-json\/wp\/v2\/tags?post=5146"}],"curies":[{"name":"wp","href":"https:\/\/api.w.org\/{rel}","templated":true}]}}