{"id":4963,"date":"2020-06-15T14:36:53","date_gmt":"2020-06-15T14:36:53","guid":{"rendered":"https:\/\/conapi.org.py\/v23\/2023\/07\/23\/radios-indigenas-en-maxima-vigencia-en-tiempos-de-pandemia-reunion-virtual\/"},"modified":"2023-07-27T16:33:59","modified_gmt":"2023-07-27T16:33:59","slug":"radios-indigenas-en-maxima-vigencia-en-tiempos-de-pandemia-reunion-virtual","status":"publish","type":"post","link":"https:\/\/conapi.org.py\/v23\/radios-indigenas-en-maxima-vigencia-en-tiempos-de-pandemia-reunion-virtual\/","title":{"rendered":"Radios ind\u00edgenas en m\u00e1xima vigencia en tiempos de pandemia. Reuni\u00f3n virtual"},"content":{"rendered":"<p>\n<span style=\"font-family: Arial, Helvetica, sans-serif; font-size: small;\">Las Radios Ind&iacute;genas como herramienta de acercamiento social, escolar, y del cuidado de la salud, en tiempo de pandemia, es lo que refirieron hoy los directores, y directora de Radios ind&iacute;genas del Paraguay, durante la reuni&oacute;n virtual v&iacute;a Meet, organizada por la Coordinaci&oacute;n Nacional de Pastoral indigena, &oacute;rgano de la CEP.<\/span><br style=\"font-family: Arial, Helvetica, sans-serif; font-size: small;\" \/><br \/>\n<span style=\"font-family: Arial, Helvetica, sans-serif; font-size: small;\">Los primeros en llegar a la &nbsp;sala virtual, fueron d&aacute;ndose las bienvenidas, las preguntas, entre risas aleg&oacute;ricas por el reencuentro despu&eacute;s de un buen tiempo, a causa de la cuarentena obligatoria. Sin duda se sinti&oacute; ese ambiente comunitario y de amistad, unidos por un mismo derecho: La comunicaci&oacute;n, como Derecho fundamental de todo ser humano, m&aacute;s a&uacute;n, en tiempo de pandemia.<\/span><br style=\"font-family: Arial, Helvetica, sans-serif; font-size: small;\" \/><br \/>\n<span style=\"font-family: Arial, Helvetica, sans-serif; font-size: small;\">Mar&iacute;a Jos&eacute; Centuri&oacute;n, de la FAPI, present&oacute; un an&aacute;lisis de la realidad nacional en tiempo de pandemia, se refiri&oacute; a la emergencia alimentaria, la educaci&oacute;n , la salud , y las responsabilidades del Estado.<\/span><br style=\"font-family: Arial, Helvetica, sans-serif; font-size: small;\" \/><br \/>\n<span style=\"font-family: Arial, Helvetica, sans-serif; font-size: small;\">Luego, los mismos radialistas, presentaron la realidad de cada comunidad, la necesidad de la atenci&oacute;n del Estado a todas las comunidades, algunos indicaron que la educaci&oacute;n sufri&oacute; un retroceso; pero en otro lugar se revitaliz&oacute; gracias a la radio, como en el caso de la Radio &nbsp;Voces Nativas, del Chaco, que se &nbsp;transform&oacute; en una &nbsp;herramienta fundamental para la educaci&oacute;n escolar de la comunidad.<\/span><br style=\"font-family: Arial, Helvetica, sans-serif; font-size: small;\" \/><br \/>\n<span style=\"font-family: Arial, Helvetica, sans-serif; font-size: small;\">En otro momento de la reuni&oacute;n, Luis Fernando Iba&ntilde;ez, Director de la Radio Pai Puku del Chaco, profundiz&oacute; la importancia de los cuidados sanitarios en las comunidades, teniendo en cuenta las ciudades fronterizas, tambi&eacute;n coment&oacute; de un programa radial que se emite totalmente en idioma de una comunidad indigena.<\/span><br style=\"font-family: Arial, Helvetica, sans-serif; font-size: small;\" \/><br \/>\n<span style=\"font-family: Arial, Helvetica, sans-serif; font-size: small;\">Teniendo en cuenta que la preocupaci&oacute;n y tema de una y varias reuniones de la directiva radial, se centr&oacute; en la documentaci&oacute;n, renovaci&oacute;n de las licencias de las Radios, hoy se sum&oacute; a la reuni&oacute;n Luis Escobar de la CONATEL, donde inicialmente &nbsp;inform&oacute; los requisitos fundamentales para la documentaci&oacute;n y renovaci&oacute;n de las radios. Luego, los directores presentaron sus preguntas, y casos concretos a fin de ir dando respuesta a cada radio.<\/span><br style=\"font-family: Arial, Helvetica, sans-serif; font-size: small;\" \/><br \/>\n<span style=\"font-family: Arial, Helvetica, sans-serif; font-size: small;\">Por su parte, Pablo Bogado de la CONAPI, habl&oacute; del inter&eacute;s y el renovado compromiso con las radios ind&iacute;genas, y que los encuentros en las sedes de las radios se &nbsp;normalizaran &nbsp;seg&uacute;n vaya avanzando el protocolo sanitario ante la pandemia, y lo que indiquen los l&iacute;deres de las comunidades.<\/span><br style=\"font-family: Arial, Helvetica, sans-serif; font-size: small;\" \/><br \/>\n<span style=\"font-family: Arial, Helvetica, sans-serif; font-size: small;\">En dicha reuni&oacute;n tambi&eacute;n se cont&oacute; con el apoyo y presencia virtual de Ram&oacute;n Barbosa, de la Secretar&iacute;a de pol&iacute;ticas ling&uuml;&iacute;sticas.<\/span><br style=\"font-family: Arial, Helvetica, sans-serif; font-size: small;\" \/><br \/>\n<span style=\"font-family: Arial, Helvetica, sans-serif; font-size: small;\">La Radio Voces Nativas de la comunidad Cayin o Clin, transmiti&oacute; en vivo dicha reuni&oacute;n.<\/span><\/p>\n","protected":false},"excerpt":{"rendered":"<p>Las Radios Ind&iacute;genas como herramienta de acercamiento social, escolar, y del cuidado de la salud, en tiempo de pandemia, es lo que refirieron hoy los directores, y directora de Radios ind&iacute;genas del Paraguay, durante la reuni&oacute;n virtual v&iacute;a Meet, organizada por la Coordinaci&oacute;n Nacional de Pastoral indigena, &oacute;rgano de la CEP. Los primeros en llegar<\/p>\n","protected":false},"author":1,"featured_media":6155,"comment_status":"open","ping_status":"open","sticky":false,"template":"","format":"standard","meta":{"footnotes":""},"categories":[1],"tags":[],"class_list":["post-4963","post","type-post","status-publish","format-standard","has-post-thumbnail","hentry","category-uncategorized"],"_links":{"self":[{"href":"https:\/\/conapi.org.py\/v23\/wp-json\/wp\/v2\/posts\/4963","targetHints":{"allow":["GET"]}}],"collection":[{"href":"https:\/\/conapi.org.py\/v23\/wp-json\/wp\/v2\/posts"}],"about":[{"href":"https:\/\/conapi.org.py\/v23\/wp-json\/wp\/v2\/types\/post"}],"author":[{"embeddable":true,"href":"https:\/\/conapi.org.py\/v23\/wp-json\/wp\/v2\/users\/1"}],"replies":[{"embeddable":true,"href":"https:\/\/conapi.org.py\/v23\/wp-json\/wp\/v2\/comments?post=4963"}],"version-history":[{"count":1,"href":"https:\/\/conapi.org.py\/v23\/wp-json\/wp\/v2\/posts\/4963\/revisions"}],"predecessor-version":[{"id":5825,"href":"https:\/\/conapi.org.py\/v23\/wp-json\/wp\/v2\/posts\/4963\/revisions\/5825"}],"wp:featuredmedia":[{"embeddable":true,"href":"https:\/\/conapi.org.py\/v23\/wp-json\/wp\/v2\/media\/6155"}],"wp:attachment":[{"href":"https:\/\/conapi.org.py\/v23\/wp-json\/wp\/v2\/media?parent=4963"}],"wp:term":[{"taxonomy":"category","embeddable":true,"href":"https:\/\/conapi.org.py\/v23\/wp-json\/wp\/v2\/categories?post=4963"},{"taxonomy":"post_tag","embeddable":true,"href":"https:\/\/conapi.org.py\/v23\/wp-json\/wp\/v2\/tags?post=4963"}],"curies":[{"name":"wp","href":"https:\/\/api.w.org\/{rel}","templated":true}]}}