{"id":4959,"date":"2020-06-08T10:05:39","date_gmt":"2020-06-08T10:05:39","guid":{"rendered":"https:\/\/conapi.org.py\/v23\/2023\/07\/23\/consejo-de-educacion-indigena-en-reunion-virtual\/"},"modified":"2023-07-27T16:33:59","modified_gmt":"2023-07-27T16:33:59","slug":"consejo-de-educacion-indigena-en-reunion-virtual","status":"publish","type":"post","link":"https:\/\/conapi.org.py\/v23\/consejo-de-educacion-indigena-en-reunion-virtual\/","title":{"rendered":"Consejo de Educaci\u00f3n Ind\u00edgena en reuni\u00f3n virtual"},"content":{"rendered":"<div>\nSeveriano Parada, representante del Consejo Nacional de Educaci&oacute;n Ind&iacute;gena<\/div>\n<div>\nTema: Resultado de la reuni&oacute;n virtual del Consejo Nacional de Educaci&oacute;n ind&iacute;gena.<\/div>\n<div>\n&nbsp;<\/div>\n<p><iframe loading=\"lazy\" width=\"100%\" height=\"300\" scrolling=\"no\" frameborder=\"no\" allow=\"autoplay\" src=\"https:\/\/w.soundcloud.com\/player\/?url=https%3A\/\/api.soundcloud.com\/tracks\/836318554&#038;color=%23ff5500&#038;auto_play=false&#038;hide_related=false&#038;show_comments=true&#038;show_user=true&#038;show_reposts=false&#038;show_teaser=true&#038;visual=true\"><\/iframe><\/p>\n<div style=\"font-size: 10px; color: #cccccc;line-break: anywhere;word-break: normal;overflow: hidden;white-space: nowrap;text-overflow: ellipsis; font-family: Interstate,Lucida Grande,Lucida Sans Unicode,Lucida Sans,Garuda,Verdana,Tahoma,sans-serif;font-weight: 100;\"><a href=\"https:\/\/soundcloud.com\/conapi1\" title=\"CONAPI1\" target=\"_blank\" style=\"color: #cccccc; text-decoration: none;\" rel=\"noopener\">CONAPI1<\/a> \u00b7 <a href=\"https:\/\/soundcloud.com\/conapi1\/severiano-parada-representante-del-consejo-nacional-de-educacion-indigena\" title=\"Severiano Parada, Representante Del Consejo Nacional De Educaci\u00f3n Ind\u00edgena\" target=\"_blank\" style=\"color: #cccccc; text-decoration: none;\" rel=\"noopener\">Severiano Parada, Representante Del Consejo Nacional De Educaci\u00f3n Ind\u00edgena<\/a><\/div>\n","protected":false},"excerpt":{"rendered":"<p>Severiano Parada, representante del Consejo Nacional de Educaci&oacute;n Ind&iacute;gena Tema: Resultado de la reuni&oacute;n virtual del Consejo Nacional de Educaci&oacute;n ind&iacute;gena. &nbsp; CONAPI1 \u00b7 Severiano Parada, Representante Del Consejo Nacional De Educaci\u00f3n Ind\u00edgena<\/p>\n","protected":false},"author":1,"featured_media":6153,"comment_status":"open","ping_status":"open","sticky":false,"template":"","format":"standard","meta":{"footnotes":""},"categories":[1],"tags":[],"class_list":["post-4959","post","type-post","status-publish","format-standard","has-post-thumbnail","hentry","category-uncategorized"],"_links":{"self":[{"href":"https:\/\/conapi.org.py\/v23\/wp-json\/wp\/v2\/posts\/4959","targetHints":{"allow":["GET"]}}],"collection":[{"href":"https:\/\/conapi.org.py\/v23\/wp-json\/wp\/v2\/posts"}],"about":[{"href":"https:\/\/conapi.org.py\/v23\/wp-json\/wp\/v2\/types\/post"}],"author":[{"embeddable":true,"href":"https:\/\/conapi.org.py\/v23\/wp-json\/wp\/v2\/users\/1"}],"replies":[{"embeddable":true,"href":"https:\/\/conapi.org.py\/v23\/wp-json\/wp\/v2\/comments?post=4959"}],"version-history":[{"count":1,"href":"https:\/\/conapi.org.py\/v23\/wp-json\/wp\/v2\/posts\/4959\/revisions"}],"predecessor-version":[{"id":5836,"href":"https:\/\/conapi.org.py\/v23\/wp-json\/wp\/v2\/posts\/4959\/revisions\/5836"}],"wp:featuredmedia":[{"embeddable":true,"href":"https:\/\/conapi.org.py\/v23\/wp-json\/wp\/v2\/media\/6153"}],"wp:attachment":[{"href":"https:\/\/conapi.org.py\/v23\/wp-json\/wp\/v2\/media?parent=4959"}],"wp:term":[{"taxonomy":"category","embeddable":true,"href":"https:\/\/conapi.org.py\/v23\/wp-json\/wp\/v2\/categories?post=4959"},{"taxonomy":"post_tag","embeddable":true,"href":"https:\/\/conapi.org.py\/v23\/wp-json\/wp\/v2\/tags?post=4959"}],"curies":[{"name":"wp","href":"https:\/\/api.w.org\/{rel}","templated":true}]}}